{"id":10492,"date":"2024-11-04T19:24:50","date_gmt":"2024-11-04T19:24:50","guid":{"rendered":"https:\/\/www.bundyzeleny.cz\/?p=10492"},"modified":"2024-11-04T19:25:49","modified_gmt":"2024-11-04T19:25:49","slug":"i-rocnik-country-festivalu-bundy-zeleny-v-zadvericich-podporuje-zlinskou-onkologii","status":"publish","type":"post","link":"https:\/\/www.bundyzeleny.cz\/index.php\/i-rocnik-country-festivalu-bundy-zeleny-v-zadvericich-podporuje-zlinskou-onkologii\/","title":{"rendered":"I. RO\u010cN\u00cdK COUNTRY FESTIVALU \u201eBUNDY ZELEN\u00dd\u201c V Z\u00c1DVE\u0158IC\u00cdCH PODPORUJE ZL\u00cdNSKOU ONKOLOGII"},"content":{"rendered":"\t\t<div data-elementor-type=\"wp-post\" data-elementor-id=\"10492\" class=\"elementor elementor-10492\" data-elementor-post-type=\"post\">\n\t\t\t\t\t\t<section class=\"elementor-section elementor-top-section elementor-element elementor-element-6da9a3ef elementor-section-boxed elementor-section-height-default elementor-section-height-default wpr-particle-no wpr-jarallax-no wpr-parallax-no wpr-sticky-section-no\" data-id=\"6da9a3ef\" data-element_type=\"section\">\n\t\t\t\t\t\t<div class=\"elementor-container elementor-column-gap-default\">\n\t\t\t\t\t<div class=\"elementor-column elementor-col-100 elementor-top-column elementor-element elementor-element-283b4797\" data-id=\"283b4797\" data-element_type=\"column\">\n\t\t\t<div class=\"elementor-widget-wrap elementor-element-populated\">\n\t\t\t\t\t\t<div class=\"elementor-element elementor-element-20195bd0 elementor-widget elementor-widget-text-editor\" data-id=\"20195bd0\" data-element_type=\"widget\" data-widget_type=\"text-editor.default\">\n\t\t\t\t<div class=\"elementor-widget-container\">\n\t\t\t\t\t\t\t<!-- wp:paragraph -->\n<p>I. ro\u010dn\u00edk Country festivalu<br>Spole\u010dnost IMATECH GROUP s.r.o., ve spolupr\u00e1ci s firmou Ji\u0159\u00ed K\u0159\u00edstek \u2013 OFSITO s.r.o., zakladatelem charitativn\u00edho projektu \u201ePom\u00e1h\u00e1me onkologii\u201c, po\u0159\u00e1daj\u00ed I. ro\u010dn\u00edk Country festivalu \u201eBundy zelen\u00fd\u201c.<br>\u201eJi\u017e v ml\u00e1d\u00ed jsem propadl country muzice a p\u0159\u00edrod\u011b. M\u00fdm snem v\u017edy bylo uspo\u0159\u00e1dat n\u011bjak\u00fd super koncert z tohoto hudebn\u00edho \u017e\u00e1nru a z\u00e1rove\u0148 p\u0159ipomenout lidem, jak kr\u00e1sn\u00e9 je b\u00fdt v p\u0159\u00edrod\u011b, v\u00e1\u017eit si j\u00ed a taky si ji tro\u0161ku hl\u00eddat. Koncem roku 2017 jsem s velkou radost\u00ed vstoupil do Projektu \u201ePom\u00e1h\u00e1me onkologii\u201c, nebo\u0165 i sm\u011br m\u00e9ho podnik\u00e1n\u00ed lze s touto tematikou spojit. Firma IMATECH GROUP je dodavatelem vakuovac\u00edch za\u0159\u00edzen\u00ed v\u0161ech velikosti a nab\u00edz\u00ed mo\u017enost, jak uchov\u00e1vat potraviny, a ne je vyhazovat. 155 kg potravin vyhod\u00ed ro\u010dn\u011b ka\u017ed\u00fd z n\u00e1s, a to je opravdu hodn\u011b\u201c, \u0159\u00edk\u00e1 majitel spole\u010dnosti Miroslav Duro\u0148.<br><br>Festival \u201eBundy zelen\u00fd\u201c se bude konat 11. srpna 2018 ve sportovn\u00edm are\u00e1lu v Z\u00e1dve\u0159ic\u00edch u Zl\u00edna od 12:00 a t\u011b\u0161it se v\u0161ichni mohou na skupiny Spiritu\u00e1l Kvintet, Lok\u00e1lku, Nezmary, Michala Tu\u010dn\u00e9ho revival, Malina Brothers, Monogram, Semtex a Jack\u2019s Band. Pro v\u0161echny \u00fa\u010dastn\u00edky je p\u0159ipraven doprovodn\u00fd program, dobr\u00e9 j\u00eddlo, trochu pivka. V\u00fdt\u011b\u017eek festivalu bude p\u0159eveden na konto charitativn\u00edho projektu \u201ePom\u00e1h\u00e1me onkologii\u201c, kter\u00fd za t\u0159i roky p\u016fsobnosti zajistil v\u00edce jak 1 000 000 korun pro Komplexn\u00ed onkologick\u00e9 centrum KNTB ve Zl\u00edn\u011b.<\/p>\n<!-- \/wp:paragraph -->\t\t\t\t\t\t<\/div>\n\t\t\t\t<\/div>\n\t\t\t\t\t<\/div>\n\t\t<\/div>\n\t\t\t\t\t<\/div>\n\t\t<\/section>\n\t\t\t\t<\/div>\n\t\t","protected":false},"excerpt":{"rendered":"<p>I. ro\u010dn\u00edk Country festivaluSpole\u010dnost IMATECH GROUP s.r.o., ve spolupr\u00e1ci s firmou Ji\u0159\u00ed K\u0159\u00edstek \u2013 OFSITO s.r.o., zakladatelem charitativn\u00edho projektu \u201ePom\u00e1h\u00e1me onkologii\u201c, po\u0159\u00e1daj\u00ed I. ro\u010dn\u00edk Country festivalu \u201eBundy zelen\u00fd\u201c.\u201eJi\u017e v ml\u00e1d\u00ed jsem propadl country muzice a p\u0159\u00edrod\u011b. M\u00fdm snem v\u017edy bylo uspo\u0159\u00e1dat n\u011bjak\u00fd super koncert z tohoto hudebn\u00edho \u017e\u00e1nru a z\u00e1rove\u0148 p\u0159ipomenout lidem, jak kr\u00e1sn\u00e9 je b\u00fdt v p\u0159\u00edrod\u011b, v\u00e1\u017eit si j\u00ed a taky si ji tro\u0161ku hl\u00eddat. Koncem roku 2017 jsem s velkou radost\u00ed vstoupil do Projektu \u201ePom\u00e1h\u00e1me onkologii\u201c, nebo\u0165 i sm\u011br m\u00e9ho podnik\u00e1n\u00ed lze s touto tematikou spojit. Firma IMATECH GROUP je dodavatelem vakuovac\u00edch za\u0159\u00edzen\u00ed v\u0161ech velikosti a nab\u00edz\u00ed mo\u017enost, jak uchov\u00e1vat potraviny, a ne je vyhazovat. 155 kg potravin vyhod\u00ed ro\u010dn\u011b ka\u017ed\u00fd z n\u00e1s, a to je opravdu hodn\u011b\u201c, \u0159\u00edk\u00e1 majitel spole\u010dnosti Miroslav Duro\u0148. Festival \u201eBundy zelen\u00fd\u201c se bude konat 11. srpna 2018 ve sportovn\u00edm are\u00e1lu v Z\u00e1dve\u0159ic\u00edch u Zl\u00edna od 12:00 a t\u011b\u0161it se v\u0161ichni mohou na skupiny Spiritu\u00e1l Kvintet, Lok\u00e1lku, Nezmary, Michala Tu\u010dn\u00e9ho revival, Malina Brothers, Monogram, Semtex a Jack\u2019s Band. Pro v\u0161echny \u00fa\u010dastn\u00edky je p\u0159ipraven doprovodn\u00fd program, dobr\u00e9 j\u00eddlo, trochu pivka. V\u00fdt\u011b\u017eek festivalu bude p\u0159eveden na konto charitativn\u00edho projektu \u201ePom\u00e1h\u00e1me onkologii\u201c, kter\u00fd za t\u0159i roky p\u016fsobnosti zajistil v\u00edce jak 1 000 000 korun pro Komplexn\u00ed onkologick\u00e9 centrum KNTB ve Zl\u00edn\u011b.<\/p>\n","protected":false},"author":1,"featured_media":0,"comment_status":"closed","ping_status":"closed","sticky":false,"template":"","format":"standard","meta":{"footnotes":""},"categories":[1],"tags":[],"class_list":["post-10492","post","type-post","status-publish","format-standard","hentry","category-festival"],"_links":{"self":[{"href":"https:\/\/www.bundyzeleny.cz\/index.php\/wp-json\/wp\/v2\/posts\/10492"}],"collection":[{"href":"https:\/\/www.bundyzeleny.cz\/index.php\/wp-json\/wp\/v2\/posts"}],"about":[{"href":"https:\/\/www.bundyzeleny.cz\/index.php\/wp-json\/wp\/v2\/types\/post"}],"author":[{"embeddable":true,"href":"https:\/\/www.bundyzeleny.cz\/index.php\/wp-json\/wp\/v2\/users\/1"}],"replies":[{"embeddable":true,"href":"https:\/\/www.bundyzeleny.cz\/index.php\/wp-json\/wp\/v2\/comments?post=10492"}],"version-history":[{"count":4,"href":"https:\/\/www.bundyzeleny.cz\/index.php\/wp-json\/wp\/v2\/posts\/10492\/revisions"}],"predecessor-version":[{"id":10496,"href":"https:\/\/www.bundyzeleny.cz\/index.php\/wp-json\/wp\/v2\/posts\/10492\/revisions\/10496"}],"wp:attachment":[{"href":"https:\/\/www.bundyzeleny.cz\/index.php\/wp-json\/wp\/v2\/media?parent=10492"}],"wp:term":[{"taxonomy":"category","embeddable":true,"href":"https:\/\/www.bundyzeleny.cz\/index.php\/wp-json\/wp\/v2\/categories?post=10492"},{"taxonomy":"post_tag","embeddable":true,"href":"https:\/\/www.bundyzeleny.cz\/index.php\/wp-json\/wp\/v2\/tags?post=10492"}],"curies":[{"name":"wp","href":"https:\/\/api.w.org\/{rel}","templated":true}]}}